{"id":15,"date":"2024-10-17T20:04:47","date_gmt":"2024-10-17T20:04:47","guid":{"rendered":"https:\/\/axe-sud.fr\/limpact-des-reseaux-sociaux-sur-notre-perception-du-corps\/"},"modified":"2024-10-17T20:10:17","modified_gmt":"2024-10-17T20:10:17","slug":"limpact-des-reseaux-sociaux-sur-notre-perception-du-corps","status":"publish","type":"post","link":"https:\/\/axe-sud.fr\/?p=15","title":{"rendered":"L&rsquo;impact des r\u00e9seaux sociaux sur notre perception du corps"},"content":{"rendered":"<p>Les r\u00e9seaux sociaux sont devenus omnipr\u00e9sents dans nos vies, fa\u00e7onnant subtilement mais profond\u00e9ment notre vision du monde et de nous-m\u00eames. L&rsquo;un des domaines o\u00f9 leur influence se fait particuli\u00e8rement ressentir est notre perception du corps et des standards de beaut\u00e9. Cet article explore en d\u00e9tail les multiples facettes de cette influence, ses cons\u00e9quences sur notre bien-\u00eatre et les moyens de d\u00e9velopper une relation plus saine avec notre image corporelle \u00e0 l&rsquo;\u00e8re du num\u00e9rique.<\/p>\n<h2><span class=\"ez-toc-section\" id=\"Lomnipresence_des_images_idealisees_sur_les_reseaux_sociaux\"><\/span>L&rsquo;omnipr\u00e9sence des images id\u00e9alis\u00e9es sur les r\u00e9seaux sociaux<span class=\"ez-toc-section-end\"><\/span><\/h2>\n<p>Les plateformes comme Instagram, TikTok ou Facebook nous exposent quotidiennement \u00e0 un flot ininterrompu d&rsquo;images soigneusement s\u00e9lectionn\u00e9es et retouch\u00e9es. Ces repr\u00e9sentations id\u00e9alis\u00e9es du corps humain finissent par cr\u00e9er de nouveaux standards de beaut\u00e9, souvent irr\u00e9alistes et inatteignables pour la majorit\u00e9 d&rsquo;entre nous.<\/p>\n<h3><span class=\"ez-toc-section\" id=\"Le_culte_du_corps_parfait\"><\/span>Le culte du corps parfait<span class=\"ez-toc-section-end\"><\/span><\/h3>\n<p>Sur les r\u00e9seaux sociaux, nous sommes constamment bombard\u00e9s d&rsquo;images de corps sculpturaux et sans d\u00e9fauts apparents. Les influenceurs et c\u00e9l\u00e9brit\u00e9s partagent des photos o\u00f9 ils apparaissent sous leur meilleur jour, cr\u00e9ant l&rsquo;illusion d&rsquo;une perfection physique accessible \u00e0 tous. Cette surexposition \u00e0 des corps id\u00e9alis\u00e9s peut avoir plusieurs cons\u00e9quences :<\/p>\n<ul>\n<li>Une <strong>insatisfaction croissante<\/strong> envers notre propre apparence<\/li>\n<li>Le d\u00e9veloppement de <strong>complexes<\/strong> et d&rsquo;une faible estime de soi<\/li>\n<li>Une <i>obsession malsaine<\/i> pour l&rsquo;apparence physique au d\u00e9triment d&rsquo;autres aspects de notre personnalit\u00e9<\/li>\n<li>La poursuite d&rsquo;objectifs physiques parfois <u>dangereux pour la sant\u00e9<\/u><\/li>\n<\/ul>\n<h3><span class=\"ez-toc-section\" id=\"Lillusion_de_la_perfection\"><\/span>L&rsquo;illusion de la perfection<span class=\"ez-toc-section-end\"><\/span><\/h3>\n<p>Il est crucial de garder \u00e0 l&rsquo;esprit que les images que nous voyons sur les r\u00e9seaux sociaux ne refl\u00e8tent pas la r\u00e9alit\u00e9. De nombreux facteurs contribuent \u00e0 cr\u00e9er cette illusion de perfection :<\/p>\n<ul>\n<li>L&rsquo;utilisation g\u00e9n\u00e9ralis\u00e9e de <strong>filtres<\/strong> et d&rsquo;applications de retouche photo<\/li>\n<li>La s\u00e9lection minutieuse des meilleures photos parmi des centaines de clich\u00e9s<\/li>\n<li>Les <i>angles de prise de vue<\/i> et l&rsquo;\u00e9clairage savamment \u00e9tudi\u00e9s<\/li>\n<li>Le recours \u00e0 la <u>chirurgie esth\u00e9tique<\/u> et aux injections, parfois dissimul\u00e9<\/li>\n<\/ul>\n<h2><span class=\"ez-toc-section\" id=\"Limpact_psychologique_des_comparaisons_sociales\"><\/span>L&rsquo;impact psychologique des comparaisons sociales<span class=\"ez-toc-section-end\"><\/span><\/h2>\n<p>L&rsquo;exposition constante \u00e0 ces images id\u00e9alis\u00e9es nous pousse in\u00e9vitablement \u00e0 nous comparer aux autres. Ce ph\u00e9nom\u00e8ne, amplifi\u00e9 par les r\u00e9seaux sociaux, peut avoir des cons\u00e9quences importantes sur notre sant\u00e9 mentale et notre bien-\u00eatre \u00e9motionnel.<\/p>\n<h3><span class=\"ez-toc-section\" id=\"Le_syndrome_de_comparaison_sociale\"><\/span>Le syndrome de comparaison sociale<span class=\"ez-toc-section-end\"><\/span><\/h3>\n<p>La comparaison sociale est un m\u00e9canisme psychologique naturel qui nous permet d&rsquo;\u00e9valuer notre position par rapport aux autres. Cependant, sur les r\u00e9seaux sociaux, ce processus peut devenir toxique :<\/p>\n<ul>\n<li>Nous avons tendance \u00e0 nous comparer \u00e0 des <strong>centaines voire des milliers<\/strong> de personnes chaque jour<\/li>\n<li>Les comparaisons se font souvent avec des individus qui ne repr\u00e9sentent pas la norme, mais plut\u00f4t des <i>extr\u00eames en termes d&rsquo;apparence physique<\/i><\/li>\n<li>Nous comparons notre r\u00e9alit\u00e9 quotidienne aux <u>moments les plus photog\u00e9niques<\/u> de la vie des autres<\/li>\n<\/ul>\n<p>Cette comparaison constante peut mener \u00e0 :<\/p>\n<ul>\n<li>Une <strong>baisse de l&rsquo;estime de soi<\/strong><\/li>\n<li>Des sentiments d&rsquo;<i>inad\u00e9quation<\/i> et d&rsquo;inf\u00e9riorit\u00e9<\/li>\n<li>De l&rsquo;<u>anxi\u00e9t\u00e9<\/u> et de la d\u00e9pression<\/li>\n<li>Un <strong>m\u00e9contentement chronique<\/strong> envers son apparence<\/li>\n<\/ul>\n<h3><span class=\"ez-toc-section\" id=\"Limpact_sur_les_differents_groupes_demographiques\"><\/span>L&rsquo;impact sur les diff\u00e9rents groupes d\u00e9mographiques<span class=\"ez-toc-section-end\"><\/span><\/h3>\n<p>L&rsquo;influence des r\u00e9seaux sociaux sur la perception du corps ne touche pas tout le monde de la m\u00eame mani\u00e8re. Certains groupes sont particuli\u00e8rement vuln\u00e9rables :<\/p>\n<table border=\"1\">\n<tbody>\n<tr>\n<th>Groupe d\u00e9mographique<\/th>\n<th>Impact sp\u00e9cifique<\/th>\n<\/tr>\n<tr>\n<td>Adolescents<\/td>\n<td>Particuli\u00e8rement sensibles aux comparaisons sociales et \u00e0 la pression des pairs<\/td>\n<\/tr>\n<tr>\n<td>Jeunes adultes<\/td>\n<td>Forte pression pour se conformer aux standards de beaut\u00e9 dans un contexte de recherche de partenaire et de carri\u00e8re<\/td>\n<\/tr>\n<tr>\n<td>Femmes<\/td>\n<td>Exposition accrue aux id\u00e9aux de minceur et de jeunesse \u00e9ternelle<\/td>\n<\/tr>\n<tr>\n<td>Hommes<\/td>\n<td>Pression croissante pour d\u00e9velopper une musculature imposante<\/td>\n<\/tr>\n<tr>\n<td>Personnes LGBTQ+<\/td>\n<td>Standards de beaut\u00e9 sp\u00e9cifiques \u00e0 certaines communaut\u00e9s pouvant cr\u00e9er une pression suppl\u00e9mentaire<\/td>\n<\/tr>\n<\/tbody>\n<\/table>\n<h2><span class=\"ez-toc-section\" id=\"Les_consequences_sur_la_sante_physique_et_mentale\"><\/span>Les cons\u00e9quences sur la sant\u00e9 physique et mentale<span class=\"ez-toc-section-end\"><\/span><\/h2>\n<p>L&rsquo;influence des r\u00e9seaux sociaux sur notre perception du corps ne se limite pas \u00e0 des effets psychologiques. Elle peut avoir des r\u00e9percussions concr\u00e8tes sur notre sant\u00e9 physique et notre comportement.<\/p>\n<h3><span class=\"ez-toc-section\" id=\"Troubles_du_comportement_alimentaire\"><\/span>Troubles du comportement alimentaire<span class=\"ez-toc-section-end\"><\/span><\/h3>\n<p>L&rsquo;exposition constante \u00e0 des corps id\u00e9alis\u00e9s peut contribuer au d\u00e9veloppement ou \u00e0 l&rsquo;aggravation de troubles du comportement alimentaire :<\/p>\n<ul>\n<li><strong>Anorexie<\/strong> : restriction alimentaire s\u00e9v\u00e8re pour atteindre un id\u00e9al de minceur<\/li>\n<li><strong>Boulimie<\/strong> : cycles de fr\u00e9n\u00e9sie alimentaire suivis de comportements compensatoires<\/li>\n<li><i>Orthorexie<\/i> : obsession pour une alimentation \u00ab\u00a0parfaite\u00a0\u00bb et \u00ab\u00a0pure\u00a0\u00bb<\/li>\n<li><u>Bigorexie<\/u> : obsession pour le d\u00e9veloppement musculaire, touchant principalement les hommes<\/li>\n<\/ul>\n<p>Ces troubles peuvent avoir des cons\u00e9quences graves sur la sant\u00e9, allant de la malnutrition \u00e0 des probl\u00e8mes cardiaques, en passant par des d\u00e9s\u00e9quilibres hormonaux.<\/p>\n<h3><span class=\"ez-toc-section\" id=\"Dysmorphophobie_et_chirurgie_esthetique\"><\/span>Dysmorphophobie et chirurgie esth\u00e9tique<span class=\"ez-toc-section-end\"><\/span><\/h3>\n<p>La comparaison constante avec des images retouch\u00e9es peut mener \u00e0 une perception d\u00e9form\u00e9e de son propre corps :<\/p>\n<ul>\n<li>D\u00e9veloppement d&rsquo;une <strong>dysmorphophobie<\/strong> : obsession pour des d\u00e9fauts physiques r\u00e9els ou imaginaires<\/li>\n<li>Recours croissant \u00e0 la <i>chirurgie esth\u00e9tique<\/i>, parfois de mani\u00e8re excessive ou dangereuse<\/li>\n<li>Ph\u00e9nom\u00e8ne de <u>\u00ab\u00a0Snapchat dysmorphia\u00a0\u00bb<\/u> : d\u00e9sir de ressembler \u00e0 sa version filtr\u00e9e sur les r\u00e9seaux sociaux<\/li>\n<\/ul>\n<h3><span class=\"ez-toc-section\" id=\"Consequences_sur_la_sante_mentale\"><\/span>Cons\u00e9quences sur la sant\u00e9 mentale<span class=\"ez-toc-section-end\"><\/span><\/h3>\n<p>Au-del\u00e0 des troubles sp\u00e9cifiques \u00e0 l&rsquo;image corporelle, l&rsquo;influence des r\u00e9seaux sociaux peut avoir des r\u00e9percussions plus larges sur la sant\u00e9 mentale :<\/p>\n<ul>\n<li><strong>Anxi\u00e9t\u00e9 sociale<\/strong> li\u00e9e \u00e0 l&rsquo;apparence<\/li>\n<li><i>D\u00e9pression<\/i> et sentiments d&rsquo;inad\u00e9quation<\/li>\n<li><u>Stress chronique<\/u> li\u00e9 \u00e0 la pression de maintenir une certaine image<\/li>\n<li>Baisse g\u00e9n\u00e9rale de l&rsquo;<strong>estime de soi<\/strong> et de la confiance en soi<\/li>\n<\/ul>\n<h2><span class=\"ez-toc-section\" id=\"Les_mecanismes_psychologiques_en_jeu\"><\/span>Les m\u00e9canismes psychologiques en jeu<span class=\"ez-toc-section-end\"><\/span><\/h2>\n<p>Pour comprendre pleinement l&rsquo;impact des r\u00e9seaux sociaux sur notre perception du corps, il est essentiel d&rsquo;examiner les m\u00e9canismes psychologiques qui sous-tendent ce ph\u00e9nom\u00e8ne.<\/p>\n<h3><span class=\"ez-toc-section\" id=\"La_theorie_de_la_comparaison_sociale\"><\/span>La th\u00e9orie de la comparaison sociale<span class=\"ez-toc-section-end\"><\/span><\/h3>\n<p>D\u00e9velopp\u00e9e par le psychologue Leon Festinger, cette th\u00e9orie postule que les individus ont un besoin fondamental de s&rsquo;\u00e9valuer en se comparant aux autres. Sur les r\u00e9seaux sociaux, ce processus est exacerb\u00e9 :<\/p>\n<ul>\n<li><strong>Comparaisons ascendantes<\/strong> : nous nous comparons \u00e0 ceux que nous percevons comme \u00ab\u00a0sup\u00e9rieurs\u00a0\u00bb, ce qui peut mener \u00e0 une baisse de l&rsquo;estime de soi<\/li>\n<li><i>Comparaisons descendantes<\/i> : nous nous comparons \u00e0 ceux que nous percevons comme \u00ab\u00a0inf\u00e9rieurs\u00a0\u00bb, ce qui peut temporairement boost l&rsquo;estime de soi mais encourager des comportements de jugement<\/li>\n<li><u>Fr\u00e9quence accrue des comparaisons<\/u> due \u00e0 l&rsquo;exposition constante aux images sur les r\u00e9seaux sociaux<\/li>\n<\/ul>\n<h3><span class=\"ez-toc-section\" id=\"Le_biais_de_confirmation\"><\/span>Le biais de confirmation<span class=\"ez-toc-section-end\"><\/span><\/h3>\n<p>Ce biais cognitif nous pousse \u00e0 chercher et \u00e0 retenir les informations qui confirment nos croyances pr\u00e9existantes. Sur les r\u00e9seaux sociaux, cela peut se traduire par :<\/p>\n<ul>\n<li>Une <strong>focalisation<\/strong> sur les images qui renforcent notre insatisfaction corporelle<\/li>\n<li>Une tendance \u00e0 <i>ignorer<\/i> les contenus plus positifs ou r\u00e9alistes<\/li>\n<li>Le renforcement de croyances n\u00e9gatives sur notre apparence<\/li>\n<\/ul>\n<h3><span class=\"ez-toc-section\" id=\"Leffet_de_halo\"><\/span>L&rsquo;effet de halo<span class=\"ez-toc-section-end\"><\/span><\/h3>\n<p>Ce ph\u00e9nom\u00e8ne psychologique nous am\u00e8ne \u00e0 attribuer des qualit\u00e9s positives g\u00e9n\u00e9rales \u00e0 une personne bas\u00e9e sur une caract\u00e9ristique positive sp\u00e9cifique. Sur les r\u00e9seaux sociaux :<\/p>\n<ul>\n<li>Nous avons tendance \u00e0 penser que les personnes au <strong>physique attractif<\/strong> ont \u00e9galement une vie plus heureuse et r\u00e9ussie<\/li>\n<li>Cela peut renforcer l&rsquo;id\u00e9e qu&rsquo;un certain type de corps est <i>n\u00e9cessaire pour r\u00e9ussir<\/i> dans la vie<\/li>\n<li>Ce biais peut accro\u00eetre notre <u>insatisfaction<\/u> envers notre propre apparence et notre vie en g\u00e9n\u00e9ral<\/li>\n<\/ul>\n<h2><span class=\"ez-toc-section\" id=\"Linfluence_specifique_des_differentes_plateformes\"><\/span>L&rsquo;influence sp\u00e9cifique des diff\u00e9rentes plateformes<span class=\"ez-toc-section-end\"><\/span><\/h2>\n<p>Chaque r\u00e9seau social a ses propres caract\u00e9ristiques qui influencent de mani\u00e8re unique notre perception du corps.<\/p>\n<h3><span class=\"ez-toc-section\" id=\"Instagram_le_royaume_de_limage_parfaite\"><\/span>Instagram : le royaume de l&rsquo;image parfaite<span class=\"ez-toc-section-end\"><\/span><\/h3>\n<p>Instagram est probablement la plateforme qui a le plus grand impact sur notre perception du corps :<\/p>\n<ul>\n<li><strong>Focalisation sur l&rsquo;image<\/strong> : le contenu visuel est roi, mettant l&rsquo;accent sur l&rsquo;apparence physique<\/li>\n<li>Utilisation g\u00e9n\u00e9ralis\u00e9e de <i>filtres<\/i> et d&rsquo;outils de retouche int\u00e9gr\u00e9s \u00e0 l&rsquo;application<\/li>\n<li>Culture du <u>\u00ab\u00a0Instagram vs Reality\u00a0\u00bb<\/u> mettant en lumi\u00e8re le d\u00e9calage entre les images post\u00e9es et la r\u00e9alit\u00e9<\/li>\n<li>Pr\u00e9valence des <strong>influenceurs fitness et lifestyle<\/strong> promouvant des standards de beaut\u00e9 souvent irr\u00e9alistes<\/li>\n<\/ul>\n<h3><span class=\"ez-toc-section\" id=\"TikTok_la_nouvelle_reference_pour_les_jeunes\"><\/span>TikTok : la nouvelle r\u00e9f\u00e9rence pour les jeunes<span class=\"ez-toc-section-end\"><\/span><\/h3>\n<p>TikTok, avec son format vid\u00e9o court, a rapidement gagn\u00e9 en popularit\u00e9, surtout aupr\u00e8s des plus jeunes :<\/p>\n<ul>\n<li>Tendances de <strong>danses et de challenges<\/strong> mettant souvent en avant le corps<\/li>\n<li><i>Filtres de beaut\u00e9<\/i> appliqu\u00e9s automatiquement, cr\u00e9ant des attentes irr\u00e9alistes<\/li>\n<li>Viralit\u00e9 rapide pouvant amplifier certains standards de beaut\u00e9<\/li>\n<li>Pr\u00e9sence de <u>contenus \u00e9ducatifs<\/u> sur la diversit\u00e9 corporelle, contrebalan\u00e7ant parfois les effets n\u00e9gatifs<\/li>\n<\/ul>\n<h3><span class=\"ez-toc-section\" id=\"Facebook_limpact_sur_le_long_terme\"><\/span>Facebook : l&rsquo;impact sur le long terme<span class=\"ez-toc-section-end\"><\/span><\/h3>\n<p>Bien que moins centr\u00e9 sur l&rsquo;image que d&rsquo;autres plateformes, Facebook peut avoir un impact significatif :<\/p>\n<ul>\n<li><strong>Comparaisons avec des pairs<\/strong> de la vraie vie, rendant les comparaisons plus personnelles<\/li>\n<li>Fonction <i>\u00ab\u00a0Souvenirs\u00a0\u00bb<\/i> pouvant accentuer les changements corporels au fil du temps<\/li>\n<li>Groupes th\u00e9matiques pouvant soit promouvoir des id\u00e9aux de beaut\u00e9 toxiques, soit offrir du soutien<\/li>\n<\/ul>\n<h3><span class=\"ez-toc-section\" id=\"YouTube_entre_influence_positive_et_negative\"><\/span>YouTube : entre influence positive et n\u00e9gative<span class=\"ez-toc-section-end\"><\/span><\/h3>\n<p>La plateforme vid\u00e9o offre un contenu vari\u00e9 qui peut influencer notre perception du corps de diff\u00e9rentes mani\u00e8res :<\/p>\n<ul>\n<li><strong>Tutoriels de maquillage et de fitness<\/strong> pouvant promouvoir certains standards de beaut\u00e9<\/li>\n<li>Vid\u00e9os de <i>transformation physique<\/i> parfois irr\u00e9alistes ou dangereuses<\/li>\n<li>Contenu <u>\u00e9ducatif sur la diversit\u00e9 corporelle<\/u> et l&rsquo;acceptation de soi<\/li>\n<li>Communaut\u00e9s de soutien pour diverses probl\u00e9matiques li\u00e9es \u00e0 l&rsquo;image corporelle<\/li>\n<\/ul>\n<h2><span class=\"ez-toc-section\" id=\"Le_role_des_influenceurs_et_des_celebrites\"><\/span>Le r\u00f4le des influenceurs et des c\u00e9l\u00e9brit\u00e9s<span class=\"ez-toc-section-end\"><\/span><\/h2>\n<p>Les personnalit\u00e9s influentes sur les r\u00e9seaux sociaux jouent un r\u00f4le crucial dans la formation de notre perception du corps.<\/p>\n<h3><span class=\"ez-toc-section\" id=\"La_promotion_de_standards_irrealistes\"><\/span>La promotion de standards irr\u00e9alistes<span class=\"ez-toc-section-end\"><\/span><\/h3>\n<p>De nombreux influenceurs et c\u00e9l\u00e9brit\u00e9s contribuent, volontairement ou non, \u00e0 la propagation de standards de beaut\u00e9 inatteignables :<\/p>\n<ul>\n<li><strong>Retouche excessive<\/strong> des photos, cr\u00e9ant une image corporelle artifielle<\/li>\n<li>Promotion de <i>r\u00e9gimes et d&rsquo;entra\u00eenements extr\u00eames<\/i><\/li>\n<li>Mise en sc\u00e8ne d&rsquo;un <u>style de vie luxueux<\/u> associ\u00e9 \u00e0 une apparence physique parfaite<\/li>\n<\/ul>\n<div id=\"ez-toc-container\" class=\"ez-toc-v2_0_82_2 counter-hierarchy ez-toc-counter ez-toc-grey ez-toc-container-direction\">\n<div class=\"ez-toc-title-container\">\n<p class=\"ez-toc-title\" style=\"cursor:inherit\">Table des mati\u00e8res<\/p>\n<span class=\"ez-toc-title-toggle\"><a href=\"#\" class=\"ez-toc-pull-right ez-toc-btn ez-toc-btn-xs ez-toc-btn-default ez-toc-toggle\" aria-label=\"Toggle Table of Content\"><span class=\"ez-toc-js-icon-con\"><span class=\"\"><span class=\"eztoc-hide\" style=\"display:none;\">Toggle<\/span><span class=\"ez-toc-icon-toggle-span\"><svg style=\"fill: #999;color:#999\" xmlns=\"http:\/\/www.w3.org\/2000\/svg\" class=\"list-377408\" width=\"20px\" height=\"20px\" viewBox=\"0 0 24 24\" fill=\"none\"><path d=\"M6 6H4v2h2V6zm14 0H8v2h12V6zM4 11h2v2H4v-2zm16 0H8v2h12v-2zM4 16h2v2H4v-2zm16 0H8v2h12v-2z\" fill=\"currentColor\"><\/path><\/svg><svg style=\"fill: #999;color:#999\" class=\"arrow-unsorted-368013\" xmlns=\"http:\/\/www.w3.org\/2000\/svg\" width=\"10px\" height=\"10px\" viewBox=\"0 0 24 24\" version=\"1.2\" baseProfile=\"tiny\"><path d=\"M18.2 9.3l-6.2-6.3-6.2 6.3c-.2.2-.3.4-.3.7s.1.5.3.7c.2.2.4.3.7.3h11c.3 0 .5-.1.7-.3.2-.2.3-.5.3-.7s-.1-.5-.3-.7zM5.8 14.7l6.2 6.3 6.2-6.3c.2-.2.3-.5.3-.7s-.1-.5-.3-.7c-.2-.2-.4-.3-.7-.3h-11c-.3 0-.5.1-.7.3-.2.2-.3.5-.3.7s.1.5.3.7z\"\/><\/svg><\/span><\/span><\/span><\/a><\/span><\/div>\n<nav><ul class='ez-toc-list ez-toc-list-level-1 eztoc-toggle-hide-by-default' ><li class='ez-toc-page-1 ez-toc-heading-level-2'><a class=\"ez-toc-link ez-toc-heading-1\" href=\"https:\/\/axe-sud.fr\/?p=15\/#Lomnipresence_des_images_idealisees_sur_les_reseaux_sociaux\" >L&rsquo;omnipr\u00e9sence des images id\u00e9alis\u00e9es sur les r\u00e9seaux sociaux<\/a><ul class='ez-toc-list-level-3' ><li class='ez-toc-heading-level-3'><a class=\"ez-toc-link ez-toc-heading-2\" href=\"https:\/\/axe-sud.fr\/?p=15\/#Le_culte_du_corps_parfait\" >Le culte du corps parfait<\/a><\/li><li class='ez-toc-page-1 ez-toc-heading-level-3'><a class=\"ez-toc-link ez-toc-heading-3\" href=\"https:\/\/axe-sud.fr\/?p=15\/#Lillusion_de_la_perfection\" >L&rsquo;illusion de la perfection<\/a><\/li><\/ul><\/li><li class='ez-toc-page-1 ez-toc-heading-level-2'><a class=\"ez-toc-link ez-toc-heading-4\" href=\"https:\/\/axe-sud.fr\/?p=15\/#Limpact_psychologique_des_comparaisons_sociales\" >L&rsquo;impact psychologique des comparaisons sociales<\/a><ul class='ez-toc-list-level-3' ><li class='ez-toc-heading-level-3'><a class=\"ez-toc-link ez-toc-heading-5\" href=\"https:\/\/axe-sud.fr\/?p=15\/#Le_syndrome_de_comparaison_sociale\" >Le syndrome de comparaison sociale<\/a><\/li><li class='ez-toc-page-1 ez-toc-heading-level-3'><a class=\"ez-toc-link ez-toc-heading-6\" href=\"https:\/\/axe-sud.fr\/?p=15\/#Limpact_sur_les_differents_groupes_demographiques\" >L&rsquo;impact sur les diff\u00e9rents groupes d\u00e9mographiques<\/a><\/li><\/ul><\/li><li class='ez-toc-page-1 ez-toc-heading-level-2'><a class=\"ez-toc-link ez-toc-heading-7\" href=\"https:\/\/axe-sud.fr\/?p=15\/#Les_consequences_sur_la_sante_physique_et_mentale\" >Les cons\u00e9quences sur la sant\u00e9 physique et mentale<\/a><ul class='ez-toc-list-level-3' ><li class='ez-toc-heading-level-3'><a class=\"ez-toc-link ez-toc-heading-8\" href=\"https:\/\/axe-sud.fr\/?p=15\/#Troubles_du_comportement_alimentaire\" >Troubles du comportement alimentaire<\/a><\/li><li class='ez-toc-page-1 ez-toc-heading-level-3'><a class=\"ez-toc-link ez-toc-heading-9\" href=\"https:\/\/axe-sud.fr\/?p=15\/#Dysmorphophobie_et_chirurgie_esthetique\" >Dysmorphophobie et chirurgie esth\u00e9tique<\/a><\/li><li class='ez-toc-page-1 ez-toc-heading-level-3'><a class=\"ez-toc-link ez-toc-heading-10\" href=\"https:\/\/axe-sud.fr\/?p=15\/#Consequences_sur_la_sante_mentale\" >Cons\u00e9quences sur la sant\u00e9 mentale<\/a><\/li><\/ul><\/li><li class='ez-toc-page-1 ez-toc-heading-level-2'><a class=\"ez-toc-link ez-toc-heading-11\" href=\"https:\/\/axe-sud.fr\/?p=15\/#Les_mecanismes_psychologiques_en_jeu\" >Les m\u00e9canismes psychologiques en jeu<\/a><ul class='ez-toc-list-level-3' ><li class='ez-toc-heading-level-3'><a class=\"ez-toc-link ez-toc-heading-12\" href=\"https:\/\/axe-sud.fr\/?p=15\/#La_theorie_de_la_comparaison_sociale\" >La th\u00e9orie de la comparaison sociale<\/a><\/li><li class='ez-toc-page-1 ez-toc-heading-level-3'><a class=\"ez-toc-link ez-toc-heading-13\" href=\"https:\/\/axe-sud.fr\/?p=15\/#Le_biais_de_confirmation\" >Le biais de confirmation<\/a><\/li><li class='ez-toc-page-1 ez-toc-heading-level-3'><a class=\"ez-toc-link ez-toc-heading-14\" href=\"https:\/\/axe-sud.fr\/?p=15\/#Leffet_de_halo\" >L&rsquo;effet de halo<\/a><\/li><\/ul><\/li><li class='ez-toc-page-1 ez-toc-heading-level-2'><a class=\"ez-toc-link ez-toc-heading-15\" href=\"https:\/\/axe-sud.fr\/?p=15\/#Linfluence_specifique_des_differentes_plateformes\" >L&rsquo;influence sp\u00e9cifique des diff\u00e9rentes plateformes<\/a><ul class='ez-toc-list-level-3' ><li class='ez-toc-heading-level-3'><a class=\"ez-toc-link ez-toc-heading-16\" href=\"https:\/\/axe-sud.fr\/?p=15\/#Instagram_le_royaume_de_limage_parfaite\" >Instagram : le royaume de l&rsquo;image parfaite<\/a><\/li><li class='ez-toc-page-1 ez-toc-heading-level-3'><a class=\"ez-toc-link ez-toc-heading-17\" href=\"https:\/\/axe-sud.fr\/?p=15\/#TikTok_la_nouvelle_reference_pour_les_jeunes\" >TikTok : la nouvelle r\u00e9f\u00e9rence pour les jeunes<\/a><\/li><li class='ez-toc-page-1 ez-toc-heading-level-3'><a class=\"ez-toc-link ez-toc-heading-18\" href=\"https:\/\/axe-sud.fr\/?p=15\/#Facebook_limpact_sur_le_long_terme\" >Facebook : l&rsquo;impact sur le long terme<\/a><\/li><li class='ez-toc-page-1 ez-toc-heading-level-3'><a class=\"ez-toc-link ez-toc-heading-19\" href=\"https:\/\/axe-sud.fr\/?p=15\/#YouTube_entre_influence_positive_et_negative\" >YouTube : entre influence positive et n\u00e9gative<\/a><\/li><\/ul><\/li><li class='ez-toc-page-1 ez-toc-heading-level-2'><a class=\"ez-toc-link ez-toc-heading-20\" href=\"https:\/\/axe-sud.fr\/?p=15\/#Le_role_des_influenceurs_et_des_celebrites\" >Le r\u00f4le des influenceurs et des c\u00e9l\u00e9brit\u00e9s<\/a><ul class='ez-toc-list-level-3' ><li class='ez-toc-heading-level-3'><a class=\"ez-toc-link ez-toc-heading-21\" href=\"https:\/\/axe-sud.fr\/?p=15\/#La_promotion_de_standards_irrealistes\" >La promotion de standards irr\u00e9alistes<\/a><\/li><\/ul><\/li><\/ul><\/nav><\/div>\n","protected":false},"excerpt":{"rendered":"<p>Les r\u00e9seaux sociaux sont devenus omnipr\u00e9sents dans nos vies, fa\u00e7onnant subtilement mais profond\u00e9ment notre vision du monde et de nous-m\u00eames. L&rsquo;un des domaines o\u00f9 leur influence se fait particuli\u00e8rement ressentir est notre perception du corps et des standards de beaut\u00e9. Cet article explore en d\u00e9tail les multiples facettes de cette influence, ses cons\u00e9quences sur notre &hellip; <\/p>\n","protected":false},"author":1,"featured_media":52,"comment_status":"open","ping_status":"open","sticky":false,"template":"","format":"standard","meta":{"footnotes":""},"categories":[1],"tags":[],"class_list":["post-15","post","type-post","status-publish","format-standard","has-post-thumbnail","hentry","category-fourre-tout"],"yoast_head":"<!-- This site is optimized with the Yoast SEO plugin v27.5 - https:\/\/yoast.com\/product\/yoast-seo-wordpress\/ -->\n<title>L&#039;impact des r\u00e9seaux sociaux sur notre perception du corps - Axe-sud<\/title>\n<meta name=\"robots\" content=\"index, follow, max-snippet:-1, max-image-preview:large, max-video-preview:-1\" \/>\n<link rel=\"canonical\" href=\"https:\/\/axe-sud.fr\/?p=15\" \/>\n<meta property=\"og:locale\" content=\"fr_FR\" \/>\n<meta property=\"og:type\" content=\"article\" \/>\n<meta property=\"og:title\" content=\"L&#039;impact des r\u00e9seaux sociaux sur notre perception du corps - Axe-sud\" \/>\n<meta property=\"og:description\" content=\"Les r\u00e9seaux sociaux sont devenus omnipr\u00e9sents dans nos vies, fa\u00e7onnant subtilement mais profond\u00e9ment notre vision du monde et de nous-m\u00eames. L&rsquo;un des domaines o\u00f9 leur influence se fait particuli\u00e8rement ressentir est notre perception du corps et des standards de beaut\u00e9. Cet article explore en d\u00e9tail les multiples facettes de cette influence, ses cons\u00e9quences sur notre &hellip;\" \/>\n<meta property=\"og:url\" content=\"https:\/\/axe-sud.fr\/?p=15\" \/>\n<meta property=\"og:site_name\" content=\"Axe-sud\" \/>\n<meta property=\"article:published_time\" content=\"2024-10-17T20:04:47+00:00\" \/>\n<meta property=\"article:modified_time\" content=\"2024-10-17T20:10:17+00:00\" \/>\n<meta property=\"og:image\" content=\"https:\/\/axe-sud.fr\/wp-content\/uploads\/2024\/10\/axe-sud.fr-15.jpg\" \/>\n\t<meta property=\"og:image:width\" content=\"1280\" \/>\n\t<meta property=\"og:image:height\" content=\"800\" \/>\n\t<meta property=\"og:image:type\" content=\"image\/jpeg\" \/>\n<meta name=\"author\" content=\"Damien\" \/>\n<meta name=\"twitter:card\" content=\"summary_large_image\" \/>\n<meta name=\"twitter:label1\" content=\"\u00c9crit par\" \/>\n\t<meta name=\"twitter:data1\" content=\"Damien\" \/>\n\t<meta name=\"twitter:label2\" content=\"Dur\u00e9e de lecture estim\u00e9e\" \/>\n\t<meta name=\"twitter:data2\" content=\"8 minutes\" \/>\n<script type=\"application\/ld+json\" class=\"yoast-schema-graph\">{\"@context\":\"https:\\\/\\\/schema.org\",\"@graph\":[{\"@type\":\"Article\",\"@id\":\"https:\\\/\\\/axe-sud.fr\\\/?p=15#article\",\"isPartOf\":{\"@id\":\"https:\\\/\\\/axe-sud.fr\\\/?p=15\"},\"author\":{\"name\":\"Damien\",\"@id\":\"https:\\\/\\\/axe-sud.fr\\\/#\\\/schema\\\/person\\\/b8cf518a8fdd054f64266fbf4cbf7ad0\"},\"headline\":\"L&rsquo;impact des r\u00e9seaux sociaux sur notre perception du corps\",\"datePublished\":\"2024-10-17T20:04:47+00:00\",\"dateModified\":\"2024-10-17T20:10:17+00:00\",\"mainEntityOfPage\":{\"@id\":\"https:\\\/\\\/axe-sud.fr\\\/?p=15\"},\"wordCount\":1652,\"commentCount\":0,\"publisher\":{\"@id\":\"https:\\\/\\\/axe-sud.fr\\\/#organization\"},\"image\":{\"@id\":\"https:\\\/\\\/axe-sud.fr\\\/?p=15#primaryimage\"},\"thumbnailUrl\":\"https:\\\/\\\/axe-sud.fr\\\/wp-content\\\/uploads\\\/2024\\\/10\\\/axe-sud.fr-15.jpg\",\"articleSection\":[\"Fourre-tout\"],\"inLanguage\":\"fr-FR\",\"potentialAction\":[{\"@type\":\"CommentAction\",\"name\":\"Comment\",\"target\":[\"https:\\\/\\\/axe-sud.fr\\\/?p=15#respond\"]}]},{\"@type\":\"WebPage\",\"@id\":\"https:\\\/\\\/axe-sud.fr\\\/?p=15\",\"url\":\"https:\\\/\\\/axe-sud.fr\\\/?p=15\",\"name\":\"L'impact des r\u00e9seaux sociaux sur notre perception du corps - Axe-sud\",\"isPartOf\":{\"@id\":\"https:\\\/\\\/axe-sud.fr\\\/#website\"},\"primaryImageOfPage\":{\"@id\":\"https:\\\/\\\/axe-sud.fr\\\/?p=15#primaryimage\"},\"image\":{\"@id\":\"https:\\\/\\\/axe-sud.fr\\\/?p=15#primaryimage\"},\"thumbnailUrl\":\"https:\\\/\\\/axe-sud.fr\\\/wp-content\\\/uploads\\\/2024\\\/10\\\/axe-sud.fr-15.jpg\",\"datePublished\":\"2024-10-17T20:04:47+00:00\",\"dateModified\":\"2024-10-17T20:10:17+00:00\",\"breadcrumb\":{\"@id\":\"https:\\\/\\\/axe-sud.fr\\\/?p=15#breadcrumb\"},\"inLanguage\":\"fr-FR\",\"potentialAction\":[{\"@type\":\"ReadAction\",\"target\":[\"https:\\\/\\\/axe-sud.fr\\\/?p=15\"]}]},{\"@type\":\"ImageObject\",\"inLanguage\":\"fr-FR\",\"@id\":\"https:\\\/\\\/axe-sud.fr\\\/?p=15#primaryimage\",\"url\":\"https:\\\/\\\/axe-sud.fr\\\/wp-content\\\/uploads\\\/2024\\\/10\\\/axe-sud.fr-15.jpg\",\"contentUrl\":\"https:\\\/\\\/axe-sud.fr\\\/wp-content\\\/uploads\\\/2024\\\/10\\\/axe-sud.fr-15.jpg\",\"width\":1280,\"height\":800,\"caption\":\"L&rsquo;impact des r\u00e9seaux sociaux sur notre perception du corps\"},{\"@type\":\"BreadcrumbList\",\"@id\":\"https:\\\/\\\/axe-sud.fr\\\/?p=15#breadcrumb\",\"itemListElement\":[{\"@type\":\"ListItem\",\"position\":1,\"name\":\"Home\",\"item\":\"https:\\\/\\\/axe-sud.fr\\\/\"},{\"@type\":\"ListItem\",\"position\":2,\"name\":\"L&rsquo;impact des r\u00e9seaux sociaux sur notre perception du corps\"}]},{\"@type\":\"WebSite\",\"@id\":\"https:\\\/\\\/axe-sud.fr\\\/#website\",\"url\":\"https:\\\/\\\/axe-sud.fr\\\/\",\"name\":\"Axe-sud\",\"description\":\"\",\"publisher\":{\"@id\":\"https:\\\/\\\/axe-sud.fr\\\/#organization\"},\"potentialAction\":[{\"@type\":\"SearchAction\",\"target\":{\"@type\":\"EntryPoint\",\"urlTemplate\":\"https:\\\/\\\/axe-sud.fr\\\/?s={search_term_string}\"},\"query-input\":{\"@type\":\"PropertyValueSpecification\",\"valueRequired\":true,\"valueName\":\"search_term_string\"}}],\"inLanguage\":\"fr-FR\"},{\"@type\":\"Organization\",\"@id\":\"https:\\\/\\\/axe-sud.fr\\\/#organization\",\"name\":\"Axe-sud\",\"url\":\"https:\\\/\\\/axe-sud.fr\\\/\",\"logo\":{\"@type\":\"ImageObject\",\"inLanguage\":\"fr-FR\",\"@id\":\"https:\\\/\\\/axe-sud.fr\\\/#\\\/schema\\\/logo\\\/image\\\/\",\"url\":\"https:\\\/\\\/axe-sud.fr\\\/wp-content\\\/uploads\\\/2024\\\/10\\\/axe-sud-logo-1.jpeg\",\"contentUrl\":\"https:\\\/\\\/axe-sud.fr\\\/wp-content\\\/uploads\\\/2024\\\/10\\\/axe-sud-logo-1.jpeg\",\"width\":300,\"height\":100,\"caption\":\"Axe-sud\"},\"image\":{\"@id\":\"https:\\\/\\\/axe-sud.fr\\\/#\\\/schema\\\/logo\\\/image\\\/\"}},{\"@type\":\"Person\",\"@id\":\"https:\\\/\\\/axe-sud.fr\\\/#\\\/schema\\\/person\\\/b8cf518a8fdd054f64266fbf4cbf7ad0\",\"name\":\"Damien\",\"image\":{\"@type\":\"ImageObject\",\"inLanguage\":\"fr-FR\",\"@id\":\"https:\\\/\\\/secure.gravatar.com\\\/avatar\\\/07829b56ce9e4041f3092f0c8eb6cca85f90d6ff21d5867949d6b300e39b2848?s=96&d=identicon&r=g\",\"url\":\"https:\\\/\\\/secure.gravatar.com\\\/avatar\\\/07829b56ce9e4041f3092f0c8eb6cca85f90d6ff21d5867949d6b300e39b2848?s=96&d=identicon&r=g\",\"contentUrl\":\"https:\\\/\\\/secure.gravatar.com\\\/avatar\\\/07829b56ce9e4041f3092f0c8eb6cca85f90d6ff21d5867949d6b300e39b2848?s=96&d=identicon&r=g\",\"caption\":\"Damien\"},\"sameAs\":[\"https:\\\/\\\/axe-sud.fr\"],\"url\":\"https:\\\/\\\/axe-sud.fr\\\/?author=1\"}]}<\/script>\n<!-- \/ Yoast SEO plugin. -->","yoast_head_json":{"title":"L'impact des r\u00e9seaux sociaux sur notre perception du corps - Axe-sud","robots":{"index":"index","follow":"follow","max-snippet":"max-snippet:-1","max-image-preview":"max-image-preview:large","max-video-preview":"max-video-preview:-1"},"canonical":"https:\/\/axe-sud.fr\/?p=15","og_locale":"fr_FR","og_type":"article","og_title":"L'impact des r\u00e9seaux sociaux sur notre perception du corps - Axe-sud","og_description":"Les r\u00e9seaux sociaux sont devenus omnipr\u00e9sents dans nos vies, fa\u00e7onnant subtilement mais profond\u00e9ment notre vision du monde et de nous-m\u00eames. L&rsquo;un des domaines o\u00f9 leur influence se fait particuli\u00e8rement ressentir est notre perception du corps et des standards de beaut\u00e9. Cet article explore en d\u00e9tail les multiples facettes de cette influence, ses cons\u00e9quences sur notre &hellip;","og_url":"https:\/\/axe-sud.fr\/?p=15","og_site_name":"Axe-sud","article_published_time":"2024-10-17T20:04:47+00:00","article_modified_time":"2024-10-17T20:10:17+00:00","og_image":[{"width":1280,"height":800,"url":"https:\/\/axe-sud.fr\/wp-content\/uploads\/2024\/10\/axe-sud.fr-15.jpg","type":"image\/jpeg"}],"author":"Damien","twitter_card":"summary_large_image","twitter_misc":{"\u00c9crit par":"Damien","Dur\u00e9e de lecture estim\u00e9e":"8 minutes"},"schema":{"@context":"https:\/\/schema.org","@graph":[{"@type":"Article","@id":"https:\/\/axe-sud.fr\/?p=15#article","isPartOf":{"@id":"https:\/\/axe-sud.fr\/?p=15"},"author":{"name":"Damien","@id":"https:\/\/axe-sud.fr\/#\/schema\/person\/b8cf518a8fdd054f64266fbf4cbf7ad0"},"headline":"L&rsquo;impact des r\u00e9seaux sociaux sur notre perception du corps","datePublished":"2024-10-17T20:04:47+00:00","dateModified":"2024-10-17T20:10:17+00:00","mainEntityOfPage":{"@id":"https:\/\/axe-sud.fr\/?p=15"},"wordCount":1652,"commentCount":0,"publisher":{"@id":"https:\/\/axe-sud.fr\/#organization"},"image":{"@id":"https:\/\/axe-sud.fr\/?p=15#primaryimage"},"thumbnailUrl":"https:\/\/axe-sud.fr\/wp-content\/uploads\/2024\/10\/axe-sud.fr-15.jpg","articleSection":["Fourre-tout"],"inLanguage":"fr-FR","potentialAction":[{"@type":"CommentAction","name":"Comment","target":["https:\/\/axe-sud.fr\/?p=15#respond"]}]},{"@type":"WebPage","@id":"https:\/\/axe-sud.fr\/?p=15","url":"https:\/\/axe-sud.fr\/?p=15","name":"L'impact des r\u00e9seaux sociaux sur notre perception du corps - Axe-sud","isPartOf":{"@id":"https:\/\/axe-sud.fr\/#website"},"primaryImageOfPage":{"@id":"https:\/\/axe-sud.fr\/?p=15#primaryimage"},"image":{"@id":"https:\/\/axe-sud.fr\/?p=15#primaryimage"},"thumbnailUrl":"https:\/\/axe-sud.fr\/wp-content\/uploads\/2024\/10\/axe-sud.fr-15.jpg","datePublished":"2024-10-17T20:04:47+00:00","dateModified":"2024-10-17T20:10:17+00:00","breadcrumb":{"@id":"https:\/\/axe-sud.fr\/?p=15#breadcrumb"},"inLanguage":"fr-FR","potentialAction":[{"@type":"ReadAction","target":["https:\/\/axe-sud.fr\/?p=15"]}]},{"@type":"ImageObject","inLanguage":"fr-FR","@id":"https:\/\/axe-sud.fr\/?p=15#primaryimage","url":"https:\/\/axe-sud.fr\/wp-content\/uploads\/2024\/10\/axe-sud.fr-15.jpg","contentUrl":"https:\/\/axe-sud.fr\/wp-content\/uploads\/2024\/10\/axe-sud.fr-15.jpg","width":1280,"height":800,"caption":"L&rsquo;impact des r\u00e9seaux sociaux sur notre perception du corps"},{"@type":"BreadcrumbList","@id":"https:\/\/axe-sud.fr\/?p=15#breadcrumb","itemListElement":[{"@type":"ListItem","position":1,"name":"Home","item":"https:\/\/axe-sud.fr\/"},{"@type":"ListItem","position":2,"name":"L&rsquo;impact des r\u00e9seaux sociaux sur notre perception du corps"}]},{"@type":"WebSite","@id":"https:\/\/axe-sud.fr\/#website","url":"https:\/\/axe-sud.fr\/","name":"Axe-sud","description":"","publisher":{"@id":"https:\/\/axe-sud.fr\/#organization"},"potentialAction":[{"@type":"SearchAction","target":{"@type":"EntryPoint","urlTemplate":"https:\/\/axe-sud.fr\/?s={search_term_string}"},"query-input":{"@type":"PropertyValueSpecification","valueRequired":true,"valueName":"search_term_string"}}],"inLanguage":"fr-FR"},{"@type":"Organization","@id":"https:\/\/axe-sud.fr\/#organization","name":"Axe-sud","url":"https:\/\/axe-sud.fr\/","logo":{"@type":"ImageObject","inLanguage":"fr-FR","@id":"https:\/\/axe-sud.fr\/#\/schema\/logo\/image\/","url":"https:\/\/axe-sud.fr\/wp-content\/uploads\/2024\/10\/axe-sud-logo-1.jpeg","contentUrl":"https:\/\/axe-sud.fr\/wp-content\/uploads\/2024\/10\/axe-sud-logo-1.jpeg","width":300,"height":100,"caption":"Axe-sud"},"image":{"@id":"https:\/\/axe-sud.fr\/#\/schema\/logo\/image\/"}},{"@type":"Person","@id":"https:\/\/axe-sud.fr\/#\/schema\/person\/b8cf518a8fdd054f64266fbf4cbf7ad0","name":"Damien","image":{"@type":"ImageObject","inLanguage":"fr-FR","@id":"https:\/\/secure.gravatar.com\/avatar\/07829b56ce9e4041f3092f0c8eb6cca85f90d6ff21d5867949d6b300e39b2848?s=96&d=identicon&r=g","url":"https:\/\/secure.gravatar.com\/avatar\/07829b56ce9e4041f3092f0c8eb6cca85f90d6ff21d5867949d6b300e39b2848?s=96&d=identicon&r=g","contentUrl":"https:\/\/secure.gravatar.com\/avatar\/07829b56ce9e4041f3092f0c8eb6cca85f90d6ff21d5867949d6b300e39b2848?s=96&d=identicon&r=g","caption":"Damien"},"sameAs":["https:\/\/axe-sud.fr"],"url":"https:\/\/axe-sud.fr\/?author=1"}]}},"_links":{"self":[{"href":"https:\/\/axe-sud.fr\/index.php?rest_route=\/wp\/v2\/posts\/15","targetHints":{"allow":["GET"]}}],"collection":[{"href":"https:\/\/axe-sud.fr\/index.php?rest_route=\/wp\/v2\/posts"}],"about":[{"href":"https:\/\/axe-sud.fr\/index.php?rest_route=\/wp\/v2\/types\/post"}],"author":[{"embeddable":true,"href":"https:\/\/axe-sud.fr\/index.php?rest_route=\/wp\/v2\/users\/1"}],"replies":[{"embeddable":true,"href":"https:\/\/axe-sud.fr\/index.php?rest_route=%2Fwp%2Fv2%2Fcomments&post=15"}],"version-history":[{"count":1,"href":"https:\/\/axe-sud.fr\/index.php?rest_route=\/wp\/v2\/posts\/15\/revisions"}],"predecessor-version":[{"id":36,"href":"https:\/\/axe-sud.fr\/index.php?rest_route=\/wp\/v2\/posts\/15\/revisions\/36"}],"wp:featuredmedia":[{"embeddable":true,"href":"https:\/\/axe-sud.fr\/index.php?rest_route=\/wp\/v2\/media\/52"}],"wp:attachment":[{"href":"https:\/\/axe-sud.fr\/index.php?rest_route=%2Fwp%2Fv2%2Fmedia&parent=15"}],"wp:term":[{"taxonomy":"category","embeddable":true,"href":"https:\/\/axe-sud.fr\/index.php?rest_route=%2Fwp%2Fv2%2Fcategories&post=15"},{"taxonomy":"post_tag","embeddable":true,"href":"https:\/\/axe-sud.fr\/index.php?rest_route=%2Fwp%2Fv2%2Ftags&post=15"}],"curies":[{"name":"wp","href":"https:\/\/api.w.org\/{rel}","templated":true}]}}